{"id":29096,"date":"2021-01-25T13:30:23","date_gmt":"2021-01-25T16:30:23","guid":{"rendered":"http:\/\/grupotiempodigital.com.ar\/?p=29096"},"modified":"2021-01-26T09:17:29","modified_gmt":"2021-01-26T12:17:29","slug":"ranchos-la-secretaria-del-taller-protegido-llevara-el-nombre-de-norma-de-araquistain","status":"publish","type":"post","link":"https:\/\/grupotiempodigital.com.ar\/?p=29096","title":{"rendered":"Ranchos: La Secretar\u00eda del Taller Protegido llevar\u00e1 el nombre de Norma de Araquista\u00edn"},"content":{"rendered":"<p><em><strong>La Asociaci\u00f3n Civil del Taller Protegido General Paz \u00abHilda Tinao\u00bb informa que el pr\u00f3ximo viernes 29 de enero a las 20 horas se llevar\u00e1 a cabo el acto de imposici\u00f3n del nombre \u00abNorma de Araquista\u00edn\u00bb a la Secretar\u00eda de la Instituci\u00f3n.<\/strong><\/em><\/p>\n<p><strong>Aclaraci\u00f3n:<\/strong><\/p>\n<p><strong>Este acto se realizar\u00e1 \u00a0con la asistencia de Medios de Prensa, integrantes de la Comisi\u00f3n y Operarios realizando todos los protocolos previstos.<\/strong><\/p>\n<p>&nbsp;<\/p>\n","protected":false},"excerpt":{"rendered":"<p>La Asociaci\u00f3n Civil del Taller Protegido General Paz \u00abHilda Tinao\u00bb informa que el pr\u00f3ximo viernes 29 de enero a las<\/p>\n","protected":false},"author":3,"featured_media":29098,"comment_status":"open","ping_status":"open","sticky":false,"template":"","format":"standard","meta":{"colormag_page_container_layout":"default_layout","colormag_page_sidebar_layout":"default_layout","footnotes":""},"categories":[1,38],"tags":[],"class_list":["post-29096","post","type-post","status-publish","format-standard","has-post-thumbnail","hentry","category-actualidad","category-destacadas"],"_links":{"self":[{"href":"https:\/\/grupotiempodigital.com.ar\/index.php?rest_route=\/wp\/v2\/posts\/29096","targetHints":{"allow":["GET"]}}],"collection":[{"href":"https:\/\/grupotiempodigital.com.ar\/index.php?rest_route=\/wp\/v2\/posts"}],"about":[{"href":"https:\/\/grupotiempodigital.com.ar\/index.php?rest_route=\/wp\/v2\/types\/post"}],"author":[{"embeddable":true,"href":"https:\/\/grupotiempodigital.com.ar\/index.php?rest_route=\/wp\/v2\/users\/3"}],"replies":[{"embeddable":true,"href":"https:\/\/grupotiempodigital.com.ar\/index.php?rest_route=%2Fwp%2Fv2%2Fcomments&post=29096"}],"version-history":[{"count":3,"href":"https:\/\/grupotiempodigital.com.ar\/index.php?rest_route=\/wp\/v2\/posts\/29096\/revisions"}],"predecessor-version":[{"id":29100,"href":"https:\/\/grupotiempodigital.com.ar\/index.php?rest_route=\/wp\/v2\/posts\/29096\/revisions\/29100"}],"wp:featuredmedia":[{"embeddable":true,"href":"https:\/\/grupotiempodigital.com.ar\/index.php?rest_route=\/wp\/v2\/media\/29098"}],"wp:attachment":[{"href":"https:\/\/grupotiempodigital.com.ar\/index.php?rest_route=%2Fwp%2Fv2%2Fmedia&parent=29096"}],"wp:term":[{"taxonomy":"category","embeddable":true,"href":"https:\/\/grupotiempodigital.com.ar\/index.php?rest_route=%2Fwp%2Fv2%2Fcategories&post=29096"},{"taxonomy":"post_tag","embeddable":true,"href":"https:\/\/grupotiempodigital.com.ar\/index.php?rest_route=%2Fwp%2Fv2%2Ftags&post=29096"}],"curies":[{"name":"wp","href":"https:\/\/api.w.org\/{rel}","templated":true}]}}