{"id":29092,"date":"2021-01-25T09:39:07","date_gmt":"2021-01-25T12:39:07","guid":{"rendered":"http:\/\/grupotiempodigital.com.ar\/?p=29092"},"modified":"2021-01-25T09:39:07","modified_gmt":"2021-01-25T12:39:07","slug":"25-de-enero-dia-nacional-del-reportero-grafico","status":"publish","type":"post","link":"https:\/\/grupotiempodigital.com.ar\/?p=29092","title":{"rendered":"25 de Enero: \u00abD\u00eda Nacional del Reportero Gr\u00e1fico\u00bb"},"content":{"rendered":"<div class=\"kvgmc6g5 cxmmr5t8 oygrvhab hcukyx3x c1et5uql ii04i59q\">\n<div dir=\"auto\">La Ley 24.876 sancionada el 10 de setiembre de 1997 y promulgada el 13 de Octubre de 1997 establece el 25 de enero como el D\u00cdA NACIONAL DEL REPORTERO GR\u00c1FICO.<\/div>\n<\/div>\n<div class=\"o9v6fnle cxmmr5t8 oygrvhab hcukyx3x c1et5uql ii04i59q\">\n<div dir=\"auto\">Es un homenaje al fot\u00f3grafo de la revista Noticias, Jos\u00e9 Luis Cabezas, que apareci\u00f3 muerto, quemado, con las manos esposadas en su espalda y dos tiros en la cabeza el 25 de enero de 1997.<\/div>\n<\/div>\n","protected":false},"excerpt":{"rendered":"<p>La Ley 24.876 sancionada el 10 de setiembre de 1997 y promulgada el 13 de Octubre de 1997 establece el<\/p>\n","protected":false},"author":3,"featured_media":29094,"comment_status":"open","ping_status":"open","sticky":false,"template":"","format":"standard","meta":{"colormag_page_container_layout":"default_layout","colormag_page_sidebar_layout":"default_layout","footnotes":""},"categories":[1],"tags":[],"class_list":["post-29092","post","type-post","status-publish","format-standard","has-post-thumbnail","hentry","category-actualidad"],"_links":{"self":[{"href":"https:\/\/grupotiempodigital.com.ar\/index.php?rest_route=\/wp\/v2\/posts\/29092","targetHints":{"allow":["GET"]}}],"collection":[{"href":"https:\/\/grupotiempodigital.com.ar\/index.php?rest_route=\/wp\/v2\/posts"}],"about":[{"href":"https:\/\/grupotiempodigital.com.ar\/index.php?rest_route=\/wp\/v2\/types\/post"}],"author":[{"embeddable":true,"href":"https:\/\/grupotiempodigital.com.ar\/index.php?rest_route=\/wp\/v2\/users\/3"}],"replies":[{"embeddable":true,"href":"https:\/\/grupotiempodigital.com.ar\/index.php?rest_route=%2Fwp%2Fv2%2Fcomments&post=29092"}],"version-history":[{"count":2,"href":"https:\/\/grupotiempodigital.com.ar\/index.php?rest_route=\/wp\/v2\/posts\/29092\/revisions"}],"predecessor-version":[{"id":29095,"href":"https:\/\/grupotiempodigital.com.ar\/index.php?rest_route=\/wp\/v2\/posts\/29092\/revisions\/29095"}],"wp:featuredmedia":[{"embeddable":true,"href":"https:\/\/grupotiempodigital.com.ar\/index.php?rest_route=\/wp\/v2\/media\/29094"}],"wp:attachment":[{"href":"https:\/\/grupotiempodigital.com.ar\/index.php?rest_route=%2Fwp%2Fv2%2Fmedia&parent=29092"}],"wp:term":[{"taxonomy":"category","embeddable":true,"href":"https:\/\/grupotiempodigital.com.ar\/index.php?rest_route=%2Fwp%2Fv2%2Fcategories&post=29092"},{"taxonomy":"post_tag","embeddable":true,"href":"https:\/\/grupotiempodigital.com.ar\/index.php?rest_route=%2Fwp%2Fv2%2Ftags&post=29092"}],"curies":[{"name":"wp","href":"https:\/\/api.w.org\/{rel}","templated":true}]}}