{"id":29089,"date":"2021-01-25T08:26:53","date_gmt":"2021-01-25T11:26:53","guid":{"rendered":"http:\/\/grupotiempodigital.com.ar\/?p=29089"},"modified":"2021-01-25T08:26:53","modified_gmt":"2021-01-25T11:26:53","slug":"editorial-se-llama-hipocresia","status":"publish","type":"post","link":"https:\/\/grupotiempodigital.com.ar\/?p=29089","title":{"rendered":"Editorial: Se llama Hipocres\u00eda"},"content":{"rendered":"<p>\u00bfQu\u00e9 significa literalmente la hipocres\u00eda? Seg\u00fan la Real Academia que administra y detalla nuestro idioma, literalmente el t\u00e9rmino significa \u201cFingimiento de cualidades o sentimientos contrarios a los que verdaderamente se tienen o experimentan\u201d. Interesante por dem\u00e1s resulta a la luz de lo que cotidianamente muestra nuestra sociedad argentina detenernos en esta mera expresi\u00f3n.<br \/>\nY puntualmente observar lo que ocurre en la relaci\u00f3n de la sociedad en general y su clase dirigente, especialmente claro con aquella a la que le toca gobernar el pa\u00eds y siguiendo por la que sin ocupar sillones de algunos de los Poderes Constitucionales derraman capacidad de decisi\u00f3n como son los gremialistas, los poderes econ\u00f3micos hegemonizados, una parte importante de la prensa etc.-<br \/>\nComencemos por el principio. \u00bfAlguien descree que tanto en la sociedad en general como en la dirigencia se finge bastante, por no decir mucho o hasta demasiado?.<br \/>\nEsa tendencia a la simulaci\u00f3n generalmente tiende a acomodarse a las circunstancias en procura de mejorar su posici\u00f3n personal o simplemente acomodarse. Y de base la simulaci\u00f3n principal es simular que no se finge.<br \/>\nSi nuestra obra literaria madre (sobre la que a veces hay que fingir un poco para no minimizarla) dice: \u201cHacete amigo del juez\/ no le des de que quejarse;\/ Y cuando quiera enojarse \/ Vos te deb\u00e9s encojer, \/ Pues siempre es g\u00fceno tener \/Palenque ande ir a rascarse\u00bb. Y de ah\u00ed venimos, por qu\u00e9 asombrarnos al calificarnos que as\u00ed somos, con la potenciaci\u00f3n que dan las generaciones y el perfeccionamiento de los Usos y Costumbres.<br \/>\nBasta castigarse un rato en cualquier red social para cansarse de leer los reclamos, consejos e ideas que \u201ccualquier vecino\u201d sin sentir que al menos debiera explicar en que basa sus palabras para advertir que todos hablan desde un lugar poco menos que inmaculado y se dirigen a quienes por ocupar gran parte de ese espacio de poder habitan poco menos que en el infierno. En esos primeros planos se habla de la honestidad y la credibilidad que le exigimos a esa dirigencia. Y como respuesta se lleg\u00f3 a afirmar desde uno de esos sitiales de poder que \u201csi dejamos de robar dos a\u00f1os la Argentina sale adelante\u201d.<br \/>\nY entonces a coro, las voces claman por gobernantes honestos. QUE NO NOS MIENTAN gritan a coro.<br \/>\nY la verdad, pareciera que la primera mentira es de quienes reclaman. Todo indica que si algo se hace verdad en la vida argentina es aquello de \u201cmentime que me gusta\u201d.<br \/>\nPara no parecer tendencioso vale comenzar diciendo que en materia de gobiernos nacionales el que ejerci\u00f3 entre 2015 y 2019 minti\u00f3 mas o menos igual que los que lo hab\u00edan antecedido y ese pueblo que clama por virtudes le otorg\u00f3 el voto en un porcentaje mas que importante con millones y millones de acompa\u00f1antes. \u00bfTodos esos votantes que tambi\u00e9n claman por honestidad, transparencia y virtuosismo no alcanzaron a darse cuenta que por all\u00ed eso no abundaba?.<br \/>\nY vaya el agregado. Con porcentaje naturalmente superior, alcanz\u00f3 el gobierno una alianza de dirigentes que ni simulando con el mayor esfuerzo podr\u00edamos esconder debajo de la alfombra. Un eje en la actual vicepresidente que desbordada por causas judiciales que en muchos casos se sustentan en algo mas que indicios, que ostentaba entre otros m\u00e9ritos haber elegido a\u00f1os atr\u00e1s para acompa\u00f1arla en la f\u00f3rmula a un se\u00f1or CONDENADO por alto grado de corrupci\u00f3n en causa iniciada durante su propio mandato (!!) decide ser la segunda en la f\u00f3rmula presidencial y desde ese lugar elige \u201ca quien me acompa\u00f1ar\u00e1 en la f\u00f3rmula como candidato a presidente\u201d (sic) se\u00f1alando a quien resultaba ser el cr\u00edtico mas duro en los \u00faltimos a\u00f1os de la propia electora a la que sin pelos en la lengua acus\u00f3 de \u201c delitos como el Pacto con Ir\u00e1n\u201d, de ser la titular de un gobierno \u201cque destruy\u00f3 la econom\u00eda\u201d y una larga lista de \u201cvirtudes\u201d similares. Para completar un tr\u00edpode se sum\u00f3 a otro dirigente que entre otras suavidades hab\u00eda gritado hasta el hastazgo (y sol\u00eda firmarlo en programas de TV\u2026.) que jam\u00e1s se sentar\u00eda si-quiera con la dirigencia de La C\u00e1mpora, \u201c a los que voy a meter presos a todos\u201d. Hoy es el impulsor de la candidatura a presidente del poderoso PJ de la provincia para que entre casi por la ventana al fundador y jefe de la C\u00e1mpora. Ya no solo socio. Promotor.<br \/>\nY para culminar una brev\u00edsima (muy breve) rese\u00f1a, y para que no queden dudas que el pa\u00eds ya est\u00e1 como los teros, con un presidente que grita por un lado pero con el nido y los huevos en otro, por estas horas se es-t\u00e1 consumando la quita del control de la empresa YPF al presidente para d\u00e1rselo tambi\u00e9n a la organizaci\u00f3n C\u00e1mpora y otros pasos por el estilo.<br \/>\nEn medio de todo esto tan contundentemente claro, este autor escuch\u00f3 ayer una pregunta period\u00edstica que consider\u00f3 la mejor s\u00edntesis de todo; \u00bfPorqu\u00e9 el presi-dente Fernandez que siempre sostuvo que la muerte del fiscal Nisman fue un asesinato y que la entonces presidente no pod\u00eda ignorarlo, ahora afirma con igual convencimiento que se trat\u00f3 de un sucidio?.<br \/>\nNoooo. Basta. \u00bfHay alg\u00fan lector militante o simpatizante de quien quiera que ignore causas y razones de estos comportamientos?.<br \/>\n\u00bfEn serio que la gente dice que no quiere votar mentiras, corruptos, enga\u00f1eros y bla bla bla?<br \/>\n\u00bfO realmente fingen sentir todo eso y dan su apoyo y alimentan una grieta inventada por esas c\u00fapulas pele\u00e1ndose hasta con sus madres para defender a algunos de todos estos dirigentes en nombre de la honestidad, la credibilidad y la transparencia de todos los citados?.<br \/>\nLa argentina que relataba Hernandez aconsejando hacerte amigo del juez es hoy la que tiene gobiernos que ponen a los amigos como jueces. Ya aquello est\u00e1 largamente superado.<br \/>\nY desde un lado y otro de la grieta siguen aplaudiendo. Y marchando. Y concentr\u00e1ndose, Y escribiendo en las redes sociales.<br \/>\nY militando.<br \/>\nEn nombre de esas personas y virtudes que saben bien que no son tales. Los conocen bien.<br \/>\nLos tienen bien junaos\u2026\u2026<br \/>\nSolo que esa caracter\u00edstica que bien sintetiza la Real Academia est\u00e1 demostrada que nos abunda y en todos los niveles:\u201cFingimiento de cualidades o sentimientos contrarios a los que verdaderamente se tienen o experimentan\u201d.<br \/>\nO si lo prefieren: Hipocres\u00eda.<\/p>\n","protected":false},"excerpt":{"rendered":"<p>\u00bfQu\u00e9 significa literalmente la hipocres\u00eda? Seg\u00fan la Real Academia que administra y detalla nuestro idioma, literalmente el t\u00e9rmino significa \u201cFingimiento<\/p>\n","protected":false},"author":3,"featured_media":17784,"comment_status":"open","ping_status":"open","sticky":false,"template":"","format":"standard","meta":{"colormag_page_container_layout":"default_layout","colormag_page_sidebar_layout":"default_layout","footnotes":""},"categories":[1],"tags":[],"class_list":["post-29089","post","type-post","status-publish","format-standard","has-post-thumbnail","hentry","category-actualidad"],"_links":{"self":[{"href":"https:\/\/grupotiempodigital.com.ar\/index.php?rest_route=\/wp\/v2\/posts\/29089","targetHints":{"allow":["GET"]}}],"collection":[{"href":"https:\/\/grupotiempodigital.com.ar\/index.php?rest_route=\/wp\/v2\/posts"}],"about":[{"href":"https:\/\/grupotiempodigital.com.ar\/index.php?rest_route=\/wp\/v2\/types\/post"}],"author":[{"embeddable":true,"href":"https:\/\/grupotiempodigital.com.ar\/index.php?rest_route=\/wp\/v2\/users\/3"}],"replies":[{"embeddable":true,"href":"https:\/\/grupotiempodigital.com.ar\/index.php?rest_route=%2Fwp%2Fv2%2Fcomments&post=29089"}],"version-history":[{"count":2,"href":"https:\/\/grupotiempodigital.com.ar\/index.php?rest_route=\/wp\/v2\/posts\/29089\/revisions"}],"predecessor-version":[{"id":29091,"href":"https:\/\/grupotiempodigital.com.ar\/index.php?rest_route=\/wp\/v2\/posts\/29089\/revisions\/29091"}],"wp:featuredmedia":[{"embeddable":true,"href":"https:\/\/grupotiempodigital.com.ar\/index.php?rest_route=\/wp\/v2\/media\/17784"}],"wp:attachment":[{"href":"https:\/\/grupotiempodigital.com.ar\/index.php?rest_route=%2Fwp%2Fv2%2Fmedia&parent=29089"}],"wp:term":[{"taxonomy":"category","embeddable":true,"href":"https:\/\/grupotiempodigital.com.ar\/index.php?rest_route=%2Fwp%2Fv2%2Fcategories&post=29089"},{"taxonomy":"post_tag","embeddable":true,"href":"https:\/\/grupotiempodigital.com.ar\/index.php?rest_route=%2Fwp%2Fv2%2Ftags&post=29089"}],"curies":[{"name":"wp","href":"https:\/\/api.w.org\/{rel}","templated":true}]}}