{"id":29084,"date":"2021-01-25T08:20:45","date_gmt":"2021-01-25T11:20:45","guid":{"rendered":"http:\/\/grupotiempodigital.com.ar\/?p=29084"},"modified":"2021-01-25T08:29:36","modified_gmt":"2021-01-25T11:29:36","slug":"ciclismo-sergio-fredes-se-quedo-con-el-gran-premio-merlo-ciudad-del-deporte","status":"publish","type":"post","link":"https:\/\/grupotiempodigital.com.ar\/?p=29084","title":{"rendered":"Ciclismo: SERGIO FREDES SE QUED\u00d3 CON EL GRAN PREMIO MERLO, CIUDAD DEL DEPORTE"},"content":{"rendered":"<div class=\"kvgmc6g5 cxmmr5t8 oygrvhab hcukyx3x c1et5uql ii04i59q\">\n<div dir=\"auto\">\n<div class=\"rq0escxv l9j0dhe7 du4w35lb j83agx80 pfnyh3mw taijpn5t gs1a9yip owycx6da btwxx1t3 cddn0xzi\">\n<div class=\"rq0escxv l9j0dhe7 du4w35lb j83agx80 cbu4d94t g5gj957u d2edcug0 hpfvmrgz rj1gh0hx buofh1pr\">\n<div class=\"rq0escxv l9j0dhe7 du4w35lb j83agx80 pfnyh3mw taijpn5t gs1a9yip owycx6da btwxx1t3\">\n<div class=\"i09qtzwb rq0escxv n7fi1qx3 pmk7jnqg j9ispegn kr520xx4 ni8dbmo4 stjgntxs\">\n<div class=\"do00u71z l9j0dhe7 k4urcfbm\">\n<p class=\"gs1a9yip ow4ym5g4 auili1gw j83agx80 cbu4d94t buofh1pr g5gj957u i1fnvgqd oygrvhab cxmmr5t8 hcukyx3x kvgmc6g5 tgvbjcpo hpfvmrgz qt6c0cv9 rz4wbd8a a8nywdso jb3vyjys du4w35lb i09qtzwb rq0escxv n7fi1qx3 pmk7jnqg j9ispegn kr520xx4\" style=\"text-align: right;\"><strong><span style=\"line-height: 1.8;\">(Informaci\u00f3n extra\u00edda de Tiempo de Descuento Radio Mercedes)<\/span><\/strong><\/p>\n<p class=\"gs1a9yip ow4ym5g4 auili1gw j83agx80 cbu4d94t buofh1pr g5gj957u i1fnvgqd oygrvhab cxmmr5t8 hcukyx3x kvgmc6g5 tgvbjcpo hpfvmrgz qt6c0cv9 rz4wbd8a a8nywdso jb3vyjys du4w35lb i09qtzwb rq0escxv n7fi1qx3 pmk7jnqg j9ispegn kr520xx4\"><span style=\"line-height: 1.8;\">El ranchero integrante del equipo de Virgen de F\u00e1tima de San Juan, ganador de la Vuelta del Porvenir San Luis 2020, logr\u00f3 el triunfo este Domingo 24 de enero de 2021 en la Villa de Merlo.<\/span><\/p>\n<\/div>\n<\/div>\n<\/div>\n<\/div>\n<\/div>\n<\/div>\n<div dir=\"auto\"><strong>Clasificaciones:<\/strong><\/div>\n<div dir=\"auto\"><strong>Elite:<\/strong><\/div>\n<div dir=\"auto\">1 \u2013 Sergio Fredes<\/div>\n<div dir=\"auto\">2 \u2013 Tomas Contte<\/div>\n<div dir=\"auto\">3 \u2013 Tomas Maoyano<\/div>\n<div dir=\"auto\">4 \u2013 Bernardo Cambaleri<\/div>\n<div dir=\"auto\">5 \u2013 Lucas Caballero<\/div>\n<div dir=\"auto\">6 \u2013 Lisandro Gotta<\/div>\n<div dir=\"auto\">7 \u2013 Edgar Santiago<\/div>\n<div dir=\"auto\">8 \u2013 Marcelo Quevedo<\/div>\n<div dir=\"auto\">9 \u2013 Elvio Alborzen<\/div>\n<div dir=\"auto\">10 \u2013 Efrain Toloza<\/div>\n<div dir=\"auto\"><strong>Sub 23<\/strong><\/div>\n<div dir=\"auto\">1 \u2013 Fausto Gomez<\/div>\n<div dir=\"auto\">2 \u2013 Santiago Ledesma<\/div>\n<div dir=\"auto\">3 \u2013 Fabricio Radicci<\/div>\n<div dir=\"auto\">4 \u2013 Gonzalo Benente<\/div>\n<div dir=\"auto\">5 \u2013 Fidel Diaz<\/div>\n<div dir=\"auto\"><strong>Damas Elite<\/strong><\/div>\n<div dir=\"auto\">1 \u2013 Laura Quiroga<\/div>\n<div dir=\"auto\">2 \u2013 Mindy Mercau<\/div>\n<div dir=\"auto\">3 \u2013 Anabel Ruiz<\/div>\n<div dir=\"auto\">4 \u2013 Celeste Saran<\/div>\n<div dir=\"auto\">5 \u2013 Yesica Guzman<\/div>\n<div dir=\"auto\"><strong>Damas Juveniles<\/strong><\/div>\n<div dir=\"auto\">1 \u2013 Guillermina Zapata<\/div>\n<div dir=\"auto\">2 \u2013 Roc\u00edo Ozan<\/div>\n<div dir=\"auto\"><strong>Varones Juveniles<\/strong><\/div>\n<div dir=\"auto\">1 \u2013 Ismael Vazquez<\/div>\n<div dir=\"auto\">2 \u2013 Lautaro R\u00edos<\/div>\n<div dir=\"auto\">3 \u2013 Valentin Busso<\/div>\n<div dir=\"auto\">4 \u2013 Jeronimo Cepa<\/div>\n<div dir=\"auto\">5 \u2013 Ramiro Migueles<\/div>\n<div dir=\"auto\"><strong>Master B<\/strong><\/div>\n<div dir=\"auto\">1 \u2013 Amador Gim\u00e9nez<\/div>\n<div dir=\"auto\">2 \u2013 Lisandro Cruel<\/div>\n<div dir=\"auto\">3 \u2013 Jos\u00e9 Escudero<\/div>\n<div dir=\"auto\">4 \u2013 Leandro Cabrera<\/div>\n<div dir=\"auto\">5 \u2013 Marcelo Forti<\/div>\n<div dir=\"auto\"><strong>Master C<\/strong><\/div>\n<div dir=\"auto\">1 \u2013 Fredy Lemos<\/div>\n<div dir=\"auto\">2 \u2013 Manuel Salgado<\/div>\n<div dir=\"auto\">3 \u2013 Daniel Antu\u00f1a<\/div>\n<div dir=\"auto\">4 \u2013 Omar Fredes<\/div>\n<div dir=\"auto\">5 \u2013 Nelson Capadona<\/div>\n<div dir=\"auto\"><strong>Master D<\/strong><\/div>\n<div dir=\"auto\">1 \u2013 Luis Brizuela<\/div>\n<div dir=\"auto\">2 \u2013 Jorge Chaer<\/div>\n<div dir=\"auto\">3 \u2013 Jos\u00e9 Dospital<\/div>\n<div dir=\"auto\">4 \u2013 Juan Miranda<\/div>\n<div dir=\"auto\">5 \u2013 Agust\u00edn Vega<\/div>\n<div dir=\"auto\"><strong>Elite II<\/strong><\/div>\n<div dir=\"auto\">1 \u2013 Jonathan Sosa<\/div>\n<div dir=\"auto\">2 \u2013 Ruben Barrera<\/div>\n<div dir=\"auto\">3 \u2013 Mat\u00edas Gatica<\/div>\n<div dir=\"auto\">4 \u2013 Fabricio Altamirano<\/div>\n<div dir=\"auto\">5 \u2013 Federico Gonzalez Pondal<\/div>\n<\/div>\n<div class=\"o9v6fnle cxmmr5t8 oygrvhab hcukyx3x c1et5uql ii04i59q\">\n<div dir=\"auto\">Info: Federaci\u00f3n Ciclista Sanluise\u00f1a<\/div>\n<\/div>\n","protected":false},"excerpt":{"rendered":"<p>(Informaci\u00f3n extra\u00edda de Tiempo de Descuento Radio Mercedes) El ranchero integrante del equipo de Virgen de F\u00e1tima de San Juan,<\/p>\n","protected":false},"author":3,"featured_media":29086,"comment_status":"open","ping_status":"open","sticky":false,"template":"","format":"standard","meta":{"colormag_page_container_layout":"default_layout","colormag_page_sidebar_layout":"default_layout","footnotes":""},"categories":[1],"tags":[],"class_list":["post-29084","post","type-post","status-publish","format-standard","has-post-thumbnail","hentry","category-actualidad"],"_links":{"self":[{"href":"https:\/\/grupotiempodigital.com.ar\/index.php?rest_route=\/wp\/v2\/posts\/29084","targetHints":{"allow":["GET"]}}],"collection":[{"href":"https:\/\/grupotiempodigital.com.ar\/index.php?rest_route=\/wp\/v2\/posts"}],"about":[{"href":"https:\/\/grupotiempodigital.com.ar\/index.php?rest_route=\/wp\/v2\/types\/post"}],"author":[{"embeddable":true,"href":"https:\/\/grupotiempodigital.com.ar\/index.php?rest_route=\/wp\/v2\/users\/3"}],"replies":[{"embeddable":true,"href":"https:\/\/grupotiempodigital.com.ar\/index.php?rest_route=%2Fwp%2Fv2%2Fcomments&post=29084"}],"version-history":[{"count":3,"href":"https:\/\/grupotiempodigital.com.ar\/index.php?rest_route=\/wp\/v2\/posts\/29084\/revisions"}],"predecessor-version":[{"id":29088,"href":"https:\/\/grupotiempodigital.com.ar\/index.php?rest_route=\/wp\/v2\/posts\/29084\/revisions\/29088"}],"wp:featuredmedia":[{"embeddable":true,"href":"https:\/\/grupotiempodigital.com.ar\/index.php?rest_route=\/wp\/v2\/media\/29086"}],"wp:attachment":[{"href":"https:\/\/grupotiempodigital.com.ar\/index.php?rest_route=%2Fwp%2Fv2%2Fmedia&parent=29084"}],"wp:term":[{"taxonomy":"category","embeddable":true,"href":"https:\/\/grupotiempodigital.com.ar\/index.php?rest_route=%2Fwp%2Fv2%2Fcategories&post=29084"},{"taxonomy":"post_tag","embeddable":true,"href":"https:\/\/grupotiempodigital.com.ar\/index.php?rest_route=%2Fwp%2Fv2%2Ftags&post=29084"}],"curies":[{"name":"wp","href":"https:\/\/api.w.org\/{rel}","templated":true}]}}