{"id":28742,"date":"2021-01-12T18:17:48","date_gmt":"2021-01-12T21:17:48","guid":{"rendered":"http:\/\/grupotiempodigital.com.ar\/?p=28742"},"modified":"2021-01-19T12:43:04","modified_gmt":"2021-01-19T15:43:04","slug":"el-intendente-participo-de-una-reunion-con-el-gobernador-kicillof","status":"publish","type":"post","link":"https:\/\/grupotiempodigital.com.ar\/?p=28742","title":{"rendered":"EL INTENDENTE PARTICIP\u00d3 DE UNA REUNI\u00d3N CON EL GOBERNADOR KICILLOF"},"content":{"rendered":"<p>Durante la ma\u00f1ana de hoy, el Intendente Municipal Juan Manuel \u00c1lvarez particip\u00f3 de una reuni\u00f3n en Santa Clara del Mar junto al Gobernador de la Provincia de Buenos Aires, Axel Kicillof, el Jefe de Gabinete Carlos Bianco, los Ministros de Salud y Seguridad Daniel Gollan y Sergio Berni, respectivamente, el viceministro de Salud Nicol\u00e1s Kreplak e Intendentes de la provincia.<br \/>\nEn la misma, se trataron temas referidos a la preparaci\u00f3n y el ordenamiento de la campa\u00f1a masiva de vacunaci\u00f3n, como as\u00ed tambi\u00e9n la actualizaci\u00f3n de las fases de administraci\u00f3n del Distanciamiento Social Preventivo y Obligatorio (DSPO), a partir de la cual General Paz se encuentra entre los 11 municipios que contin\u00faan en Fase 5, al menos hasta el pr\u00f3ximo martes, lo que implica que las medidas de restricci\u00f3n horaria y de circulaci\u00f3n no alcanzan a nuestro distrito.<br \/>\nEn este sentido, en conocimiento de la situaci\u00f3n epidemiol\u00f3gica actual, mantenerse en el nivel m\u00e1s cercano a la nueva normalidad depende del comportamiento y la responsabilidad individual de los vecinos, de profundizar los cuidados y el cumplimiento de las medidas sanitarias de prevenci\u00f3n.<\/p>\n<p><a href=\"https:\/\/grupotiempodigital.com.ar\/?attachment_id=28744\" rel=\"attachment wp-att-28744\"><img loading=\"lazy\" decoding=\"async\" class=\"alignleft size-medium wp-image-28744\" src=\"https:\/\/grupotiempodigital.com.ar\/wp-content\/uploads\/2021\/01\/WhatsApp-Image-2021-01-12-at-16.54.50-300x200.jpeg\" alt=\"\" width=\"300\" height=\"200\" srcset=\"https:\/\/grupotiempodigital.com.ar\/wp-content\/uploads\/2021\/01\/WhatsApp-Image-2021-01-12-at-16.54.50-300x200.jpeg 300w, https:\/\/grupotiempodigital.com.ar\/wp-content\/uploads\/2021\/01\/WhatsApp-Image-2021-01-12-at-16.54.50-1024x682.jpeg 1024w, https:\/\/grupotiempodigital.com.ar\/wp-content\/uploads\/2021\/01\/WhatsApp-Image-2021-01-12-at-16.54.50-768x512.jpeg 768w, https:\/\/grupotiempodigital.com.ar\/wp-content\/uploads\/2021\/01\/WhatsApp-Image-2021-01-12-at-16.54.50.jpeg 1280w\" sizes=\"auto, (max-width: 300px) 100vw, 300px\" \/><\/a> <a href=\"https:\/\/grupotiempodigital.com.ar\/?attachment_id=28745\" rel=\"attachment wp-att-28745\"><img loading=\"lazy\" decoding=\"async\" class=\"alignleft size-medium wp-image-28745\" src=\"https:\/\/grupotiempodigital.com.ar\/wp-content\/uploads\/2021\/01\/WhatsApp-Image-2021-01-12-at-16.54.49-2-300x200.jpeg\" alt=\"\" width=\"300\" height=\"200\" srcset=\"https:\/\/grupotiempodigital.com.ar\/wp-content\/uploads\/2021\/01\/WhatsApp-Image-2021-01-12-at-16.54.49-2-300x200.jpeg 300w, https:\/\/grupotiempodigital.com.ar\/wp-content\/uploads\/2021\/01\/WhatsApp-Image-2021-01-12-at-16.54.49-2-1024x682.jpeg 1024w, https:\/\/grupotiempodigital.com.ar\/wp-content\/uploads\/2021\/01\/WhatsApp-Image-2021-01-12-at-16.54.49-2-768x512.jpeg 768w, https:\/\/grupotiempodigital.com.ar\/wp-content\/uploads\/2021\/01\/WhatsApp-Image-2021-01-12-at-16.54.49-2.jpeg 1280w\" sizes=\"auto, (max-width: 300px) 100vw, 300px\" \/><\/a> <a href=\"https:\/\/grupotiempodigital.com.ar\/?attachment_id=28746\" rel=\"attachment wp-att-28746\"><img loading=\"lazy\" decoding=\"async\" class=\"alignleft size-medium wp-image-28746\" src=\"https:\/\/grupotiempodigital.com.ar\/wp-content\/uploads\/2021\/01\/WhatsApp-Image-2021-01-12-at-16.54.49-1-300x200.jpeg\" alt=\"\" width=\"300\" height=\"200\" srcset=\"https:\/\/grupotiempodigital.com.ar\/wp-content\/uploads\/2021\/01\/WhatsApp-Image-2021-01-12-at-16.54.49-1-300x200.jpeg 300w, https:\/\/grupotiempodigital.com.ar\/wp-content\/uploads\/2021\/01\/WhatsApp-Image-2021-01-12-at-16.54.49-1-1024x683.jpeg 1024w, https:\/\/grupotiempodigital.com.ar\/wp-content\/uploads\/2021\/01\/WhatsApp-Image-2021-01-12-at-16.54.49-1-768x512.jpeg 768w, https:\/\/grupotiempodigital.com.ar\/wp-content\/uploads\/2021\/01\/WhatsApp-Image-2021-01-12-at-16.54.49-1.jpeg 1213w\" sizes=\"auto, (max-width: 300px) 100vw, 300px\" \/><\/a> <a href=\"https:\/\/grupotiempodigital.com.ar\/?attachment_id=28747\" rel=\"attachment wp-att-28747\"><img loading=\"lazy\" decoding=\"async\" class=\"alignleft size-medium wp-image-28747\" src=\"https:\/\/grupotiempodigital.com.ar\/wp-content\/uploads\/2021\/01\/WhatsApp-Image-2021-01-12-at-16.54.49-300x200.jpeg\" alt=\"\" width=\"300\" height=\"200\" srcset=\"https:\/\/grupotiempodigital.com.ar\/wp-content\/uploads\/2021\/01\/WhatsApp-Image-2021-01-12-at-16.54.49-300x200.jpeg 300w, https:\/\/grupotiempodigital.com.ar\/wp-content\/uploads\/2021\/01\/WhatsApp-Image-2021-01-12-at-16.54.49-1024x683.jpeg 1024w, https:\/\/grupotiempodigital.com.ar\/wp-content\/uploads\/2021\/01\/WhatsApp-Image-2021-01-12-at-16.54.49-768x512.jpeg 768w, https:\/\/grupotiempodigital.com.ar\/wp-content\/uploads\/2021\/01\/WhatsApp-Image-2021-01-12-at-16.54.49.jpeg 1250w\" sizes=\"auto, (max-width: 300px) 100vw, 300px\" \/><\/a> <a href=\"https:\/\/grupotiempodigital.com.ar\/?attachment_id=28748\" rel=\"attachment wp-att-28748\"><img loading=\"lazy\" decoding=\"async\" class=\"alignleft size-medium wp-image-28748\" src=\"https:\/\/grupotiempodigital.com.ar\/wp-content\/uploads\/2021\/01\/WhatsApp-Image-2021-01-12-at-16.54.48-300x200.jpeg\" alt=\"\" width=\"300\" height=\"200\" srcset=\"https:\/\/grupotiempodigital.com.ar\/wp-content\/uploads\/2021\/01\/WhatsApp-Image-2021-01-12-at-16.54.48-300x200.jpeg 300w, https:\/\/grupotiempodigital.com.ar\/wp-content\/uploads\/2021\/01\/WhatsApp-Image-2021-01-12-at-16.54.48-1024x683.jpeg 1024w, https:\/\/grupotiempodigital.com.ar\/wp-content\/uploads\/2021\/01\/WhatsApp-Image-2021-01-12-at-16.54.48-768x512.jpeg 768w, https:\/\/grupotiempodigital.com.ar\/wp-content\/uploads\/2021\/01\/WhatsApp-Image-2021-01-12-at-16.54.48.jpeg 1229w\" sizes=\"auto, (max-width: 300px) 100vw, 300px\" \/><\/a><\/p>\n","protected":false},"excerpt":{"rendered":"<p>Durante la ma\u00f1ana de hoy, el Intendente Municipal Juan Manuel \u00c1lvarez particip\u00f3 de una reuni\u00f3n en Santa Clara del Mar<\/p>\n","protected":false},"author":3,"featured_media":28746,"comment_status":"open","ping_status":"open","sticky":false,"template":"","format":"standard","meta":{"colormag_page_container_layout":"default_layout","colormag_page_sidebar_layout":"default_layout","footnotes":""},"categories":[1,38,44],"tags":[],"class_list":["post-28742","post","type-post","status-publish","format-standard","has-post-thumbnail","hentry","category-actualidad","category-destacadas","category-general-paz"],"_links":{"self":[{"href":"https:\/\/grupotiempodigital.com.ar\/index.php?rest_route=\/wp\/v2\/posts\/28742","targetHints":{"allow":["GET"]}}],"collection":[{"href":"https:\/\/grupotiempodigital.com.ar\/index.php?rest_route=\/wp\/v2\/posts"}],"about":[{"href":"https:\/\/grupotiempodigital.com.ar\/index.php?rest_route=\/wp\/v2\/types\/post"}],"author":[{"embeddable":true,"href":"https:\/\/grupotiempodigital.com.ar\/index.php?rest_route=\/wp\/v2\/users\/3"}],"replies":[{"embeddable":true,"href":"https:\/\/grupotiempodigital.com.ar\/index.php?rest_route=%2Fwp%2Fv2%2Fcomments&post=28742"}],"version-history":[{"count":2,"href":"https:\/\/grupotiempodigital.com.ar\/index.php?rest_route=\/wp\/v2\/posts\/28742\/revisions"}],"predecessor-version":[{"id":28749,"href":"https:\/\/grupotiempodigital.com.ar\/index.php?rest_route=\/wp\/v2\/posts\/28742\/revisions\/28749"}],"wp:featuredmedia":[{"embeddable":true,"href":"https:\/\/grupotiempodigital.com.ar\/index.php?rest_route=\/wp\/v2\/media\/28746"}],"wp:attachment":[{"href":"https:\/\/grupotiempodigital.com.ar\/index.php?rest_route=%2Fwp%2Fv2%2Fmedia&parent=28742"}],"wp:term":[{"taxonomy":"category","embeddable":true,"href":"https:\/\/grupotiempodigital.com.ar\/index.php?rest_route=%2Fwp%2Fv2%2Fcategories&post=28742"},{"taxonomy":"post_tag","embeddable":true,"href":"https:\/\/grupotiempodigital.com.ar\/index.php?rest_route=%2Fwp%2Fv2%2Ftags&post=28742"}],"curies":[{"name":"wp","href":"https:\/\/api.w.org\/{rel}","templated":true}]}}