{"id":28737,"date":"2021-01-12T15:23:49","date_gmt":"2021-01-12T18:23:49","guid":{"rendered":"http:\/\/grupotiempodigital.com.ar\/?p=28737"},"modified":"2021-01-19T12:43:08","modified_gmt":"2021-01-19T15:43:08","slug":"resultado-de-la-muestra-tomada-al-director-del-hospital-campomar-y-del-comite-de-prevencion-tratamiento-y-seguimiento-del-coronavirus-dr-santiago-dos-santos-es-positivo-para-covid-19","status":"publish","type":"post","link":"https:\/\/grupotiempodigital.com.ar\/?p=28737","title":{"rendered":"El resultado de la muestra tomada al Director del Hospital Campomar y del Comit\u00e9 de Prevenci\u00f3n, Tratamiento y Seguimiento del Coronavirus, Dr. Santiago DOS SANTOS, es POSITIVO para COVID-19."},"content":{"rendered":"<div class=\"o9v6fnle cxmmr5t8 oygrvhab hcukyx3x c1et5uql ii04i59q\">\n<div dir=\"auto\" style=\"text-align: left;\"><strong>COMUNICADO MUNICIPAL<\/strong><\/div>\n<div dir=\"auto\" style=\"text-align: right;\">Martes, 12 de enero de 2021. 12:00 Hs.<\/div>\n<\/div>\n<div class=\"o9v6fnle cxmmr5t8 oygrvhab hcukyx3x c1et5uql ii04i59q\">\n<div dir=\"auto\">La Municipalidad de General Paz informa que, en horas de la ma\u00f1ana, se conocieron los resultados de la muestra tomada al Director del Hospital Campomar y del Comit\u00e9 de Prevenci\u00f3n, Tratamiento y Seguimiento del Coronavirus, Dr. Santiago DOS SANTOS, siendo el mismo POSITIVO para COVID-19.<\/div>\n<div dir=\"auto\">Por tal motivo, el Dr. Dos Santos permanece internado en el Hospital Campomar, bajo observaci\u00f3n y seguimiento del personal m\u00e9dico, con bajo requerimiento de ox\u00edgeno y presentando buen estado de \u00e1nimo.<\/div>\n<\/div>\n","protected":false},"excerpt":{"rendered":"<p>COMUNICADO MUNICIPAL Martes, 12 de enero de 2021. 12:00 Hs. La Municipalidad de General Paz informa que, en horas de<\/p>\n","protected":false},"author":3,"featured_media":0,"comment_status":"open","ping_status":"open","sticky":false,"template":"","format":"standard","meta":{"colormag_page_container_layout":"default_layout","colormag_page_sidebar_layout":"default_layout","footnotes":""},"categories":[1,44],"tags":[],"class_list":["post-28737","post","type-post","status-publish","format-standard","hentry","category-actualidad","category-general-paz"],"_links":{"self":[{"href":"https:\/\/grupotiempodigital.com.ar\/index.php?rest_route=\/wp\/v2\/posts\/28737","targetHints":{"allow":["GET"]}}],"collection":[{"href":"https:\/\/grupotiempodigital.com.ar\/index.php?rest_route=\/wp\/v2\/posts"}],"about":[{"href":"https:\/\/grupotiempodigital.com.ar\/index.php?rest_route=\/wp\/v2\/types\/post"}],"author":[{"embeddable":true,"href":"https:\/\/grupotiempodigital.com.ar\/index.php?rest_route=\/wp\/v2\/users\/3"}],"replies":[{"embeddable":true,"href":"https:\/\/grupotiempodigital.com.ar\/index.php?rest_route=%2Fwp%2Fv2%2Fcomments&post=28737"}],"version-history":[{"count":3,"href":"https:\/\/grupotiempodigital.com.ar\/index.php?rest_route=\/wp\/v2\/posts\/28737\/revisions"}],"predecessor-version":[{"id":28741,"href":"https:\/\/grupotiempodigital.com.ar\/index.php?rest_route=\/wp\/v2\/posts\/28737\/revisions\/28741"}],"wp:attachment":[{"href":"https:\/\/grupotiempodigital.com.ar\/index.php?rest_route=%2Fwp%2Fv2%2Fmedia&parent=28737"}],"wp:term":[{"taxonomy":"category","embeddable":true,"href":"https:\/\/grupotiempodigital.com.ar\/index.php?rest_route=%2Fwp%2Fv2%2Fcategories&post=28737"},{"taxonomy":"post_tag","embeddable":true,"href":"https:\/\/grupotiempodigital.com.ar\/index.php?rest_route=%2Fwp%2Fv2%2Ftags&post=28737"}],"curies":[{"name":"wp","href":"https:\/\/api.w.org\/{rel}","templated":true}]}}