{"id":28730,"date":"2021-01-12T14:22:18","date_gmt":"2021-01-12T17:22:18","guid":{"rendered":"http:\/\/grupotiempodigital.com.ar\/?p=28730"},"modified":"2021-01-12T14:22:18","modified_gmt":"2021-01-12T17:22:18","slug":"franco-balzano-este-gobierno-no-le-da-a-los-trabajadores-ni-una-prueba-de-amor","status":"publish","type":"post","link":"https:\/\/grupotiempodigital.com.ar\/?p=28730","title":{"rendered":"Franco Balzano: : Este gobierno no le da a los trabajadores ni una prueba de amor\u00bb"},"content":{"rendered":"<p>En Tiempo de Verano Rub\u00e9n Mart\u00ednez y Leandro Solferino dialogaron con Franco Balzano Secretario Gremial de UPCN Chascom\u00fas quien habl\u00f3 del rechazo a la oferta salarial que present\u00f3 el ejecutivo de Chascom\u00fas en la reuni\u00f3n de d\u00edas atr\u00e1s<\/p>\n<p>\u00abNosotros le trasmitimos al ejecutivo, (representado por el Secretario P\u00e9rez del Cerro) lo que ped\u00edan los empleados. Que ese 25% para vorrespondiente a Enero y cobrar en los primeros d\u00edas h\u00e1biles de Febrero. El ejecutivo lo quiere hacer en 2 veces una en Enero y otra en Abril. Y ofrece un 23% acumulado. Nosotros lo que hacemos es acatar el mandato de los empleados&#8230;\u00bb dijo al inicio de la entrevista Franco Balzano y a continuaci\u00f3n agreg\u00f3 \u00abEl ejecutivo piensa que con el 53,3% contempla los 2 a\u00f1os. Lo que no entienden que despu\u00e9s de 24 meses no est\u00e1n acomodando la situaci\u00f3n y no es as\u00ed. El \u00fanico municipio de la provincia que no dio aumento fue Chascom\u00fas&#8230;\u00bb Y sentenci\u00f3 \u00abSi hubieran otorgado un 20 % durante la pandemia hubiera sido mejor que el 0 que tenemos&#8230;\u00bb<\/p>\n<p>Al ser consultado si los empleados est\u00e1n con algo de bronca por inversiones que habr\u00eda realizado el gobierno de Gast\u00f3n, (adquisici\u00f3n de un carret\u00f3n y otras maquinarias) antes de efectuar un aumento a los empleados expreso \u00bb Evidentemente el primer inter\u00e9s es la obra p\u00fablica el segundo el equipamiento y tercero los empleados. Hace unos a\u00f1os el sueldo de los empleados municipales eran de los 5 mejores de la provincia y ahora estamos \u00faltimos. Por eso estamos en esta lucha que vamos a seguir porque nunca estuvimos tan postergados&#8230;\u00bb dijo ante la consulta de Rub\u00e9n Mart\u00ednez y advirti\u00f3 \u00abNosotros seguimos con el mandato de la gente. Tenemos el convenio de trabajo que faltan definir. No tenemos ning\u00fan derecho ganado, por eso seguiremos reclamando&#8230;\u00bb<\/p>\n<p>\u00abLa mesa salarial no se sienta mas porque hay una cl\u00e1usula de revisi\u00f3n en Enero de 2022. Por eso fue rechazado, porque como vamos a revisar anualmente. Primero p\u00e1game lo que me adeudas como si fuera una muestra de amor&#8230; Expreso entre risas Balzano ante la consulta de Leandro Solferino sobre si la mesa salarial se volver\u00eda a reunir en 2021.<\/p>\n<p>\u00abEsta gesti\u00f3n fue sincera cuando nos expres\u00f3 que ven\u00edan a hacer lo contrario de la otra gesti\u00f3n. Primeras est\u00e1n las obras, mejoras y equipamiento y despu\u00e9s los empleados. Anteriormente las gestiones ten\u00edan muchas falencias pero los trabajadores ganaban bien. En alg\u00fan momento se estuvo a la par de un auxiliar de escuelas y ahora estamos 10 mil pesos abajo&#8230;\u00bb sentencio en el final de la nota mostrando como ha ca\u00eddo el sueldo de los empleados municipales de Chascom\u00fas.<\/p>\n<audio class=\"wp-audio-shortcode\" id=\"audio-28730-1\" preload=\"none\" style=\"width: 100%;\" controls=\"controls\"><source type=\"audio\/mpeg\" src=\"https:\/\/grupotiempodigital.com.ar\/wp-content\/uploads\/2021\/01\/12-01-2021-Franco-Balzano64.mp3?_=1\" \/><a href=\"https:\/\/grupotiempodigital.com.ar\/wp-content\/uploads\/2021\/01\/12-01-2021-Franco-Balzano64.mp3\">https:\/\/grupotiempodigital.com.ar\/wp-content\/uploads\/2021\/01\/12-01-2021-Franco-Balzano64.mp3<\/a><\/audio>\n","protected":false},"excerpt":{"rendered":"<p>En Tiempo de Verano Rub\u00e9n Mart\u00ednez y Leandro Solferino dialogaron con Franco Balzano Secretario Gremial de UPCN Chascom\u00fas quien habl\u00f3<\/p>\n","protected":false},"author":3,"featured_media":26936,"comment_status":"open","ping_status":"open","sticky":false,"template":"","format":"standard","meta":{"colormag_page_container_layout":"default_layout","colormag_page_sidebar_layout":"default_layout","footnotes":""},"categories":[1,38,43],"tags":[],"class_list":["post-28730","post","type-post","status-publish","format-standard","has-post-thumbnail","hentry","category-actualidad","category-destacadas","category-notas-con-audio"],"_links":{"self":[{"href":"https:\/\/grupotiempodigital.com.ar\/index.php?rest_route=\/wp\/v2\/posts\/28730","targetHints":{"allow":["GET"]}}],"collection":[{"href":"https:\/\/grupotiempodigital.com.ar\/index.php?rest_route=\/wp\/v2\/posts"}],"about":[{"href":"https:\/\/grupotiempodigital.com.ar\/index.php?rest_route=\/wp\/v2\/types\/post"}],"author":[{"embeddable":true,"href":"https:\/\/grupotiempodigital.com.ar\/index.php?rest_route=\/wp\/v2\/users\/3"}],"replies":[{"embeddable":true,"href":"https:\/\/grupotiempodigital.com.ar\/index.php?rest_route=%2Fwp%2Fv2%2Fcomments&post=28730"}],"version-history":[{"count":2,"href":"https:\/\/grupotiempodigital.com.ar\/index.php?rest_route=\/wp\/v2\/posts\/28730\/revisions"}],"predecessor-version":[{"id":28732,"href":"https:\/\/grupotiempodigital.com.ar\/index.php?rest_route=\/wp\/v2\/posts\/28730\/revisions\/28732"}],"wp:featuredmedia":[{"embeddable":true,"href":"https:\/\/grupotiempodigital.com.ar\/index.php?rest_route=\/wp\/v2\/media\/26936"}],"wp:attachment":[{"href":"https:\/\/grupotiempodigital.com.ar\/index.php?rest_route=%2Fwp%2Fv2%2Fmedia&parent=28730"}],"wp:term":[{"taxonomy":"category","embeddable":true,"href":"https:\/\/grupotiempodigital.com.ar\/index.php?rest_route=%2Fwp%2Fv2%2Fcategories&post=28730"},{"taxonomy":"post_tag","embeddable":true,"href":"https:\/\/grupotiempodigital.com.ar\/index.php?rest_route=%2Fwp%2Fv2%2Ftags&post=28730"}],"curies":[{"name":"wp","href":"https:\/\/api.w.org\/{rel}","templated":true}]}}