{"id":28721,"date":"2021-01-12T11:38:48","date_gmt":"2021-01-12T14:38:48","guid":{"rendered":"http:\/\/grupotiempodigital.com.ar\/?p=28721"},"modified":"2021-01-19T12:43:12","modified_gmt":"2021-01-19T15:43:12","slug":"subsecretaria-de-deportes-gral-paz-torneo-de-newcom-homenaje-a-carlos-rodriguez","status":"publish","type":"post","link":"https:\/\/grupotiempodigital.com.ar\/?p=28721","title":{"rendered":"Subsecretar\u00eda de Deportes Gral. Paz: Torneo de Newcom Homenaje a Carlos Rodriguez"},"content":{"rendered":"<p>El s\u00e1bado se llev\u00f3 a cabo el torneo de Newcom en el Centro de Educaci\u00f3n F\u00edsica de Ranchos, donde participaron cuatro equipos locales conformados por jugadores +40, +50 y +60.<\/p>\n<p><strong>Equipo Campe\u00f3n: <\/strong><\/p>\n<p><strong>Fortineros Verdes: Abel, Roberto Herrera, Mari-lina, Jorge, Mari Fern\u00e1n-dez y Pili.<\/strong><\/p>\n<p><strong>Subcampe\u00f3n: <\/strong><\/p>\n<p><strong>Fortineros Blancos: Pedro, Jos\u00e9, Edgardo, Vilma, Carolina L\u00e1zaro, Eliana y Olga.<\/strong><\/p>\n<p>Agradecemos la colaboraci\u00f3n de quienes es-tuvieron en la mesa de planillas, jueces y banderilleros.<br \/>\nY en especial al p\u00fablico que acompa\u00f1\u00f3 durante toda la jornada.<\/p>\n<p><a href=\"https:\/\/grupotiempodigital.com.ar\/?attachment_id=28724\" rel=\"attachment wp-att-28724\"><img loading=\"lazy\" decoding=\"async\" class=\"size-medium wp-image-28724 aligncenter\" src=\"https:\/\/grupotiempodigital.com.ar\/wp-content\/uploads\/2021\/01\/newcom1-168x300.jpg\" alt=\"\" width=\"168\" height=\"300\" srcset=\"https:\/\/grupotiempodigital.com.ar\/wp-content\/uploads\/2021\/01\/newcom1-168x300.jpg 168w, https:\/\/grupotiempodigital.com.ar\/wp-content\/uploads\/2021\/01\/newcom1.jpg 539w\" sizes=\"auto, (max-width: 168px) 100vw, 168px\" \/><\/a><\/p>\n","protected":false},"excerpt":{"rendered":"<p>El s\u00e1bado se llev\u00f3 a cabo el torneo de Newcom en el Centro de Educaci\u00f3n F\u00edsica de Ranchos, donde participaron<\/p>\n","protected":false},"author":3,"featured_media":28723,"comment_status":"open","ping_status":"open","sticky":false,"template":"","format":"standard","meta":{"colormag_page_container_layout":"default_layout","colormag_page_sidebar_layout":"default_layout","footnotes":""},"categories":[1,44],"tags":[],"class_list":["post-28721","post","type-post","status-publish","format-standard","has-post-thumbnail","hentry","category-actualidad","category-general-paz"],"_links":{"self":[{"href":"https:\/\/grupotiempodigital.com.ar\/index.php?rest_route=\/wp\/v2\/posts\/28721","targetHints":{"allow":["GET"]}}],"collection":[{"href":"https:\/\/grupotiempodigital.com.ar\/index.php?rest_route=\/wp\/v2\/posts"}],"about":[{"href":"https:\/\/grupotiempodigital.com.ar\/index.php?rest_route=\/wp\/v2\/types\/post"}],"author":[{"embeddable":true,"href":"https:\/\/grupotiempodigital.com.ar\/index.php?rest_route=\/wp\/v2\/users\/3"}],"replies":[{"embeddable":true,"href":"https:\/\/grupotiempodigital.com.ar\/index.php?rest_route=%2Fwp%2Fv2%2Fcomments&post=28721"}],"version-history":[{"count":2,"href":"https:\/\/grupotiempodigital.com.ar\/index.php?rest_route=\/wp\/v2\/posts\/28721\/revisions"}],"predecessor-version":[{"id":28725,"href":"https:\/\/grupotiempodigital.com.ar\/index.php?rest_route=\/wp\/v2\/posts\/28721\/revisions\/28725"}],"wp:featuredmedia":[{"embeddable":true,"href":"https:\/\/grupotiempodigital.com.ar\/index.php?rest_route=\/wp\/v2\/media\/28723"}],"wp:attachment":[{"href":"https:\/\/grupotiempodigital.com.ar\/index.php?rest_route=%2Fwp%2Fv2%2Fmedia&parent=28721"}],"wp:term":[{"taxonomy":"category","embeddable":true,"href":"https:\/\/grupotiempodigital.com.ar\/index.php?rest_route=%2Fwp%2Fv2%2Fcategories&post=28721"},{"taxonomy":"post_tag","embeddable":true,"href":"https:\/\/grupotiempodigital.com.ar\/index.php?rest_route=%2Fwp%2Fv2%2Ftags&post=28721"}],"curies":[{"name":"wp","href":"https:\/\/api.w.org\/{rel}","templated":true}]}}