{"id":28716,"date":"2021-01-12T11:06:42","date_gmt":"2021-01-12T14:06:42","guid":{"rendered":"http:\/\/grupotiempodigital.com.ar\/?p=28716"},"modified":"2021-01-19T12:43:16","modified_gmt":"2021-01-19T15:43:16","slug":"chascomus-fallecio-el-ex-intendente-miguel-angel-tocci","status":"publish","type":"post","link":"https:\/\/grupotiempodigital.com.ar\/?p=28716","title":{"rendered":"Chascom\u00fas: Falleci\u00f3 el ex intendente Miguel \u00c1ngel Tocci"},"content":{"rendered":"<p>La triste noticia se conoci\u00f3 en la ma\u00f1ana de este martes 12 de enero.<\/p>\n<div class=\"o9v6fnle cxmmr5t8 oygrvhab hcukyx3x c1et5uql ii04i59q\">\n<div dir=\"auto\">El extinto ten\u00eda 93 a\u00f1os y se encontraba internado en el Hospital Municipal por una neumon\u00eda.<\/div>\n<\/div>\n<div class=\"o9v6fnle cxmmr5t8 oygrvhab hcukyx3x c1et5uql ii04i59q\">\n<div dir=\"auto\">Sus restos ser\u00e1n velados en Casa Armendariz a las 14.30 para luego ser trasladados al cementerio San Andr\u00e9s a las 16.<\/div>\n<\/div>\n<p>Desde aqu\u00ed las condolencias a su familia.<\/p>\n<div class=\"o9v6fnle cxmmr5t8 oygrvhab hcukyx3x c1et5uql ii04i59q\">\n<div dir=\"auto\"><strong>TRES D\u00cdAS DE DUELO MUNICIPAL POR EL FALLECIMIENTO DEL EX INTENDENTE MIGUEL \u00c1NGEL TOCCI<\/strong><\/div>\n<\/div>\n<div class=\"o9v6fnle cxmmr5t8 oygrvhab hcukyx3x c1et5uql ii04i59q\">\n<div dir=\"auto\">La Municipalidad de Chascom\u00fas decreta tres d\u00edas de duelo en el Partido de Chascom\u00fas, a partir de este martes 12 de enero 2021.<\/div>\n<\/div>\n<div class=\"o9v6fnle cxmmr5t8 oygrvhab hcukyx3x c1et5uql ii04i59q\">\n<div dir=\"auto\">Adem\u00e1s, se dispone izar la bandera a media asta en los edificios municipales.<\/div>\n<\/div>\n<div class=\"o9v6fnle cxmmr5t8 oygrvhab hcukyx3x c1et5uql ii04i59q\">\n<div dir=\"auto\">El intendente Javier Gast\u00f3n hace llegar sus condolencias a sus familiares y seres queridos en este dif\u00edcil momento.<\/div>\n<\/div>\n","protected":false},"excerpt":{"rendered":"<p>La triste noticia se conoci\u00f3 en la ma\u00f1ana de este martes 12 de enero. El extinto ten\u00eda 93 a\u00f1os y<\/p>\n","protected":false},"author":3,"featured_media":28718,"comment_status":"open","ping_status":"open","sticky":false,"template":"","format":"standard","meta":{"colormag_page_container_layout":"default_layout","colormag_page_sidebar_layout":"default_layout","footnotes":""},"categories":[1,45],"tags":[],"class_list":["post-28716","post","type-post","status-publish","format-standard","has-post-thumbnail","hentry","category-actualidad","category-chascomus"],"_links":{"self":[{"href":"https:\/\/grupotiempodigital.com.ar\/index.php?rest_route=\/wp\/v2\/posts\/28716","targetHints":{"allow":["GET"]}}],"collection":[{"href":"https:\/\/grupotiempodigital.com.ar\/index.php?rest_route=\/wp\/v2\/posts"}],"about":[{"href":"https:\/\/grupotiempodigital.com.ar\/index.php?rest_route=\/wp\/v2\/types\/post"}],"author":[{"embeddable":true,"href":"https:\/\/grupotiempodigital.com.ar\/index.php?rest_route=\/wp\/v2\/users\/3"}],"replies":[{"embeddable":true,"href":"https:\/\/grupotiempodigital.com.ar\/index.php?rest_route=%2Fwp%2Fv2%2Fcomments&post=28716"}],"version-history":[{"count":3,"href":"https:\/\/grupotiempodigital.com.ar\/index.php?rest_route=\/wp\/v2\/posts\/28716\/revisions"}],"predecessor-version":[{"id":28720,"href":"https:\/\/grupotiempodigital.com.ar\/index.php?rest_route=\/wp\/v2\/posts\/28716\/revisions\/28720"}],"wp:featuredmedia":[{"embeddable":true,"href":"https:\/\/grupotiempodigital.com.ar\/index.php?rest_route=\/wp\/v2\/media\/28718"}],"wp:attachment":[{"href":"https:\/\/grupotiempodigital.com.ar\/index.php?rest_route=%2Fwp%2Fv2%2Fmedia&parent=28716"}],"wp:term":[{"taxonomy":"category","embeddable":true,"href":"https:\/\/grupotiempodigital.com.ar\/index.php?rest_route=%2Fwp%2Fv2%2Fcategories&post=28716"},{"taxonomy":"post_tag","embeddable":true,"href":"https:\/\/grupotiempodigital.com.ar\/index.php?rest_route=%2Fwp%2Fv2%2Ftags&post=28716"}],"curies":[{"name":"wp","href":"https:\/\/api.w.org\/{rel}","templated":true}]}}