{"id":28706,"date":"2021-01-11T18:01:46","date_gmt":"2021-01-11T21:01:46","guid":{"rendered":"http:\/\/grupotiempodigital.com.ar\/?p=28706"},"modified":"2021-01-19T12:43:27","modified_gmt":"2021-01-19T15:43:27","slug":"comunicado-municipal-salud-dr-santiago-dos-santos","status":"publish","type":"post","link":"https:\/\/grupotiempodigital.com.ar\/?p=28706","title":{"rendered":"COMUNICADO MUNICIPAL: Salud Dr. Santiago Dos Santos"},"content":{"rendered":"<p>Lunes, 11 de Enero 17:30 Hs.<\/p>\n<p>La municipalidad de General Paz, informa que el Director del Hospital Campomar y del Comit\u00e9 de Prevenci\u00f3n, Tratamiento y Seguimiento del Coronavirus, Dr. Santiago DOS SANTOS, ha ingresado como caso en estudio por protocolo.<br \/>\nLa muestra fue tomada en horas de la ma\u00f1ana en nuestro hospital, momento en el cual, el personal m\u00e9dico decidi\u00f3 que permanezca internado, para la realizaci\u00f3n de estudios complementarios y un mejor seguimiento y control de su estado de salud.<br \/>\nEl Dr. Santiago DOS SANTOS, se encuentra sintom\u00e1tico en buen estado general de salud y a la espera de la obtenci\u00f3n de los resultados de las muestras enviadas al Hospital Interzonal San Juan de Dios de la Ciudad de La Plata.<br \/>\nAsimismo, se informa que transitoriamente estar\u00e1 a cargo de la direcci\u00f3n del Hospital Campomar y del Comit\u00e9 de prevenci\u00f3n, tratamiento y seguimiento, la Dra. Paola MAGGI Directora Asociada del Hospital Campomar.<br \/>\nQueremos hacerle llegar al Dr. DOS SANTOS el mejor de los deseos y una pronta recuperaci\u00f3n<\/p>\n","protected":false},"excerpt":{"rendered":"<p>Lunes, 11 de Enero 17:30 Hs. La municipalidad de General Paz, informa que el Director del Hospital Campomar y del<\/p>\n","protected":false},"author":3,"featured_media":16563,"comment_status":"open","ping_status":"open","sticky":false,"template":"","format":"standard","meta":{"colormag_page_container_layout":"default_layout","colormag_page_sidebar_layout":"default_layout","footnotes":""},"categories":[1,38,44],"tags":[],"class_list":["post-28706","post","type-post","status-publish","format-standard","has-post-thumbnail","hentry","category-actualidad","category-destacadas","category-general-paz"],"_links":{"self":[{"href":"https:\/\/grupotiempodigital.com.ar\/index.php?rest_route=\/wp\/v2\/posts\/28706","targetHints":{"allow":["GET"]}}],"collection":[{"href":"https:\/\/grupotiempodigital.com.ar\/index.php?rest_route=\/wp\/v2\/posts"}],"about":[{"href":"https:\/\/grupotiempodigital.com.ar\/index.php?rest_route=\/wp\/v2\/types\/post"}],"author":[{"embeddable":true,"href":"https:\/\/grupotiempodigital.com.ar\/index.php?rest_route=\/wp\/v2\/users\/3"}],"replies":[{"embeddable":true,"href":"https:\/\/grupotiempodigital.com.ar\/index.php?rest_route=%2Fwp%2Fv2%2Fcomments&post=28706"}],"version-history":[{"count":2,"href":"https:\/\/grupotiempodigital.com.ar\/index.php?rest_route=\/wp\/v2\/posts\/28706\/revisions"}],"predecessor-version":[{"id":28708,"href":"https:\/\/grupotiempodigital.com.ar\/index.php?rest_route=\/wp\/v2\/posts\/28706\/revisions\/28708"}],"wp:featuredmedia":[{"embeddable":true,"href":"https:\/\/grupotiempodigital.com.ar\/index.php?rest_route=\/wp\/v2\/media\/16563"}],"wp:attachment":[{"href":"https:\/\/grupotiempodigital.com.ar\/index.php?rest_route=%2Fwp%2Fv2%2Fmedia&parent=28706"}],"wp:term":[{"taxonomy":"category","embeddable":true,"href":"https:\/\/grupotiempodigital.com.ar\/index.php?rest_route=%2Fwp%2Fv2%2Fcategories&post=28706"},{"taxonomy":"post_tag","embeddable":true,"href":"https:\/\/grupotiempodigital.com.ar\/index.php?rest_route=%2Fwp%2Fv2%2Ftags&post=28706"}],"curies":[{"name":"wp","href":"https:\/\/api.w.org\/{rel}","templated":true}]}}