{"id":28699,"date":"2021-01-11T15:12:33","date_gmt":"2021-01-11T18:12:33","guid":{"rendered":"http:\/\/grupotiempodigital.com.ar\/?p=28699"},"modified":"2021-01-19T12:43:34","modified_gmt":"2021-01-19T15:43:34","slug":"el-ranchero-s-fredes-gano-en-su-categoria-en-brandsen","status":"publish","type":"post","link":"https:\/\/grupotiempodigital.com.ar\/?p=28699","title":{"rendered":"El ranchero S. Fredes gan\u00f3 en su categor\u00eda en Brandsen"},"content":{"rendered":"<p>Sergio Fredes Ganador del 1\u00b0 Premio de ciclismo en Brandsen dialogo en Tiempo de Verano, (programa que se emite por las radios del Grupo Tiempo) con Leandro solferino<\/p>\n<p>\u00abLa verdad que ayer estuvimos en una carrera muy linda con corredores de gran nivel. Salio una gran carrera&#8230;\u00bb dijo sobre la experiencia que le dejo de participar del 1\u00aa Gran Premio de Brandsen, que comprend\u00eda un circuito rutero que un\u00eda Jeepener con Altamirano. El circuito un\u00eda ambas ciudades con una extensi\u00f3n de 20 Km. por lo que los pedalistas realizaron 5 vueltas al recorrido establecido para completar los 100 Km.<br \/>\n\u00abHab\u00eda mucho viento al momento de la carrera, pero pude demostrar que me siento mejor y que estoy recuperando mi forma&#8230;\u00bb expres\u00f3 Fredes quien particip\u00f3 en la categor\u00eda Elite.<\/p>\n<p>Consultado sobre como vivi\u00f3 la gente la Vuelta del ciclismo de Ruta a Brandsen, hac\u00eda 20 a\u00f1os que no se corr\u00eda, Sergio manifest\u00f3 \u00abA los organizadores los conozco a todos. Fue una organizaci\u00f3n admirable, hab\u00eda mucha gente participando. Les salio todo perfecto para que sea un evento de primer nivel&#8230;\u00bb<\/p>\n<p>\u00abDesde la bajada de bandera salimos a buscar la carrera, en un momento se hizo un corte de 30 corredores y despu\u00e9s quedamos 15 hasta que un momento quedamos 5 y de ellos quedamos 3 y en los \u00faltimos 15 Km. quede mano a mano con Elvio Alborzen, del equipo ciudad de Chivilcoy&#8230;\u00bb dijo el ranchero sobre la victoria en Brandsen y agreg\u00f3 \u00abEstoy prepar\u00e1ndome para correr la vuelta de San Juan aunque hay que esperar que pasa en la conferencia de prensa de hoy (Al final fue suspendida esta prueba Lo confirm\u00f3 el gobernador Sergio U\u00f1ac junto a Jorge Chica, Secretario de Deportes.) Y sino tendr\u00e9 que buscar seguir la carrera en Estados Unidos o Europa.<\/p>\n<audio class=\"wp-audio-shortcode\" id=\"audio-28699-1\" preload=\"none\" style=\"width: 100%;\" controls=\"controls\"><source type=\"audio\/mpeg\" src=\"https:\/\/grupotiempodigital.com.ar\/wp-content\/uploads\/2021\/01\/11-01-2021-Sergio-Fredes64-.mp3?_=1\" \/><a href=\"https:\/\/grupotiempodigital.com.ar\/wp-content\/uploads\/2021\/01\/11-01-2021-Sergio-Fredes64-.mp3\">https:\/\/grupotiempodigital.com.ar\/wp-content\/uploads\/2021\/01\/11-01-2021-Sergio-Fredes64-.mp3<\/a><\/audio>\n<p><a href=\"https:\/\/grupotiempodigital.com.ar\/?attachment_id=28703\" rel=\"attachment wp-att-28703\"><img loading=\"lazy\" decoding=\"async\" class=\"aligncenter wp-image-28703 size-full\" src=\"https:\/\/grupotiempodigital.com.ar\/wp-content\/uploads\/2021\/01\/sergio.jpg\" alt=\"\" width=\"696\" height=\"591\" srcset=\"https:\/\/grupotiempodigital.com.ar\/wp-content\/uploads\/2021\/01\/sergio.jpg 696w, https:\/\/grupotiempodigital.com.ar\/wp-content\/uploads\/2021\/01\/sergio-300x255.jpg 300w\" sizes=\"auto, (max-width: 696px) 100vw, 696px\" \/><\/a><\/p>\n","protected":false},"excerpt":{"rendered":"<p>Sergio Fredes Ganador del 1\u00b0 Premio de ciclismo en Brandsen dialogo en Tiempo de Verano, (programa que se emite por<\/p>\n","protected":false},"author":3,"featured_media":28704,"comment_status":"open","ping_status":"open","sticky":false,"template":"","format":"standard","meta":{"colormag_page_container_layout":"default_layout","colormag_page_sidebar_layout":"default_layout","footnotes":""},"categories":[1,5,38,43],"tags":[],"class_list":["post-28699","post","type-post","status-publish","format-standard","has-post-thumbnail","hentry","category-actualidad","category-deportivas","category-destacadas","category-notas-con-audio"],"_links":{"self":[{"href":"https:\/\/grupotiempodigital.com.ar\/index.php?rest_route=\/wp\/v2\/posts\/28699","targetHints":{"allow":["GET"]}}],"collection":[{"href":"https:\/\/grupotiempodigital.com.ar\/index.php?rest_route=\/wp\/v2\/posts"}],"about":[{"href":"https:\/\/grupotiempodigital.com.ar\/index.php?rest_route=\/wp\/v2\/types\/post"}],"author":[{"embeddable":true,"href":"https:\/\/grupotiempodigital.com.ar\/index.php?rest_route=\/wp\/v2\/users\/3"}],"replies":[{"embeddable":true,"href":"https:\/\/grupotiempodigital.com.ar\/index.php?rest_route=%2Fwp%2Fv2%2Fcomments&post=28699"}],"version-history":[{"count":2,"href":"https:\/\/grupotiempodigital.com.ar\/index.php?rest_route=\/wp\/v2\/posts\/28699\/revisions"}],"predecessor-version":[{"id":28705,"href":"https:\/\/grupotiempodigital.com.ar\/index.php?rest_route=\/wp\/v2\/posts\/28699\/revisions\/28705"}],"wp:featuredmedia":[{"embeddable":true,"href":"https:\/\/grupotiempodigital.com.ar\/index.php?rest_route=\/wp\/v2\/media\/28704"}],"wp:attachment":[{"href":"https:\/\/grupotiempodigital.com.ar\/index.php?rest_route=%2Fwp%2Fv2%2Fmedia&parent=28699"}],"wp:term":[{"taxonomy":"category","embeddable":true,"href":"https:\/\/grupotiempodigital.com.ar\/index.php?rest_route=%2Fwp%2Fv2%2Fcategories&post=28699"},{"taxonomy":"post_tag","embeddable":true,"href":"https:\/\/grupotiempodigital.com.ar\/index.php?rest_route=%2Fwp%2Fv2%2Ftags&post=28699"}],"curies":[{"name":"wp","href":"https:\/\/api.w.org\/{rel}","templated":true}]}}