{"id":28695,"date":"2021-01-11T12:01:27","date_gmt":"2021-01-11T15:01:27","guid":{"rendered":"http:\/\/grupotiempodigital.com.ar\/?p=28695"},"modified":"2021-01-19T12:43:43","modified_gmt":"2021-01-19T15:43:43","slug":"boxeo-el-trencito-sanchez-perdio-por-puntos","status":"publish","type":"post","link":"https:\/\/grupotiempodigital.com.ar\/?p=28695","title":{"rendered":"Boxeo: El \u00abtrencito\u00bb S\u00e1nchez perdi\u00f3 por puntos"},"content":{"rendered":"<p>Santiago \u00abEl Trencito\u00bb S\u00e1nchez volvi\u00f3 a presentarse en un combate luego de catorce meses de ausencia, primero por una lesi\u00f3n y luego, la pandemia. El pugilista representante de Mar del Plata y oriundo de General Paz, Ranchos cay\u00f3 por puntos ante Cristian \u00abAzteca\u00bb Ayala, en un festival box\u00edstico que se realiz\u00f3 en la noche del viernes pasado en el Club Camioneros de la localidad bonaerense de Luis Guill\u00f3n, televisado por TyC Sports para todo el pa\u00eds y el continente.<br \/>\nS\u00e1nchez (30 a\u00f1os), con su entrenador Rub\u00e9n \u00abSiru\u00bb Acosta en un rinc\u00f3n, luch\u00f3 durante los cuatro rounds ante un rival t\u00e9cnico y \u00e1gil, de 21 a\u00f1os y buen futuro.<br \/>\nSe trata de la segunda derrota de S\u00e1nchez en el profesionalismo. La anterior hab\u00eda sido en su pueblo, Ranchos. Las cinco victorias restantes fueron en Mar del Plata, en el Club San Jos\u00e9.<\/p>\n","protected":false},"excerpt":{"rendered":"<p>Santiago \u00abEl Trencito\u00bb S\u00e1nchez volvi\u00f3 a presentarse en un combate luego de catorce meses de ausencia, primero por una lesi\u00f3n<\/p>\n","protected":false},"author":3,"featured_media":28697,"comment_status":"open","ping_status":"open","sticky":false,"template":"","format":"standard","meta":{"colormag_page_container_layout":"default_layout","colormag_page_sidebar_layout":"default_layout","footnotes":""},"categories":[1,5],"tags":[],"class_list":["post-28695","post","type-post","status-publish","format-standard","has-post-thumbnail","hentry","category-actualidad","category-deportivas"],"_links":{"self":[{"href":"https:\/\/grupotiempodigital.com.ar\/index.php?rest_route=\/wp\/v2\/posts\/28695","targetHints":{"allow":["GET"]}}],"collection":[{"href":"https:\/\/grupotiempodigital.com.ar\/index.php?rest_route=\/wp\/v2\/posts"}],"about":[{"href":"https:\/\/grupotiempodigital.com.ar\/index.php?rest_route=\/wp\/v2\/types\/post"}],"author":[{"embeddable":true,"href":"https:\/\/grupotiempodigital.com.ar\/index.php?rest_route=\/wp\/v2\/users\/3"}],"replies":[{"embeddable":true,"href":"https:\/\/grupotiempodigital.com.ar\/index.php?rest_route=%2Fwp%2Fv2%2Fcomments&post=28695"}],"version-history":[{"count":2,"href":"https:\/\/grupotiempodigital.com.ar\/index.php?rest_route=\/wp\/v2\/posts\/28695\/revisions"}],"predecessor-version":[{"id":28698,"href":"https:\/\/grupotiempodigital.com.ar\/index.php?rest_route=\/wp\/v2\/posts\/28695\/revisions\/28698"}],"wp:featuredmedia":[{"embeddable":true,"href":"https:\/\/grupotiempodigital.com.ar\/index.php?rest_route=\/wp\/v2\/media\/28697"}],"wp:attachment":[{"href":"https:\/\/grupotiempodigital.com.ar\/index.php?rest_route=%2Fwp%2Fv2%2Fmedia&parent=28695"}],"wp:term":[{"taxonomy":"category","embeddable":true,"href":"https:\/\/grupotiempodigital.com.ar\/index.php?rest_route=%2Fwp%2Fv2%2Fcategories&post=28695"},{"taxonomy":"post_tag","embeddable":true,"href":"https:\/\/grupotiempodigital.com.ar\/index.php?rest_route=%2Fwp%2Fv2%2Ftags&post=28695"}],"curies":[{"name":"wp","href":"https:\/\/api.w.org\/{rel}","templated":true}]}}