{"id":28692,"date":"2021-01-11T09:40:17","date_gmt":"2021-01-11T12:40:17","guid":{"rendered":"http:\/\/grupotiempodigital.com.ar\/?p=28692"},"modified":"2021-01-11T09:40:17","modified_gmt":"2021-01-11T12:40:17","slug":"editorial-no-estamos-igual-estamos-mucho-peor","status":"publish","type":"post","link":"https:\/\/grupotiempodigital.com.ar\/?p=28692","title":{"rendered":"Editorial: No estamos igual. Estamos mucho peor"},"content":{"rendered":"<p>Parece una forma de empezar por el final. Como la realidad sanitaria que vive el pa\u00eds. Demasiados factores se fueron sumando a lo largo de la cuarentena mas larga del mundo para ir generando el contexto actual. El manejo general de la situaci\u00f3n sanitaria en la argentina ha sido algo peor que malo. Desde los llamados cient\u00edficos que tuvieron mas horas de televisi\u00f3n que los Viale y los Leuco sumados y acertaron mucho menos que las astr\u00f3logas que predijeron el gran 2020, pasando por el \u201cpobre\u201d ministro de salud de la naci\u00f3n y su creencia que el virus andaba en camellos y podr\u00eda llegar tal vez para enero o el propio presidente, compar\u00e1ndonos en cada conferencia con alg\u00fan pa\u00eds que \u201cno hac\u00eda las cosas tan bien como nosotros\u201d y al d\u00eda siguiente corr\u00edamos a sus embajadas a presentar nuestras disculpas \u201cpor el error\u201d.<br \/>\nPero ninguno de esos yerros fue tan grosero y deliberadamente cometido como el del manejo caprichoso y deficiente de la informaci\u00f3n. Todos los pa\u00edses que han pasado y siguen pasando situaciones muy complicadas, lo primero que organizaron fue un comit\u00e9 de informaci\u00f3n y concientizaci\u00f3n de la sociedad que permitiera a sus ciudadanos, enfrentar la mas grave pandemia que recuerde la historia, al menos armados de datos y consejos ciertos e indubitables. No implica esto, y fuimos rotundos en este sentido en mas de una oportunidad, que el estado no mantenga en secreto aquello que especialistas de cada materia consideren perjudicial hacer trascender. Como en una guerra, la libertad plena de la prensa suele padecer recortes cuando estos se justifican para evitar situaciones sociales peores. Pero de ah\u00ed al desmanejo total y sin sentido. A las contradicciones casi permanentes del propio presidente de la rep\u00fablica por cadena nacional, del giro violento de la no politizaci\u00f3n de la pandemia a mezclarla con los temas mas pol\u00e9micos de la sociedad y sostenedores de la grieta que no ten\u00edan (ni tienen) la urgencia que justifique romper el clima de di\u00e1logo que la crisis exige hay una diferencia abismal. Nunca la sociedad argentina, a la que siempre le endilgamos tener la mayor responsabilidad en la lucha con el Covid tuvo claras las cosas. Jam\u00e1s. Nunca siquiera se logr\u00f3 que los grandes comunicadores en los medios mas trascendentes pudieran trasmitir un mensaje coincidente. Y esto no es mera responsabilidad period\u00edstica. Hab\u00eda que cumplir con una paso b\u00e1sico. Organizar un comit\u00e9 donde estuvieran representados por igual esos diversos medios, con periodistas reconocidos que representaran diferentes posturas ideol\u00f3gicas pero que zanjaran la grieta para ponerse al servicio de una comunicaci\u00f3n seria, coherente, cre\u00edble y sin tendencias.<br \/>\nEste era el primer paso. Y no se hizo solo por las excentricidades de un gobierno que a toda realidad quiere agregarle un toque \u00e9pico. Quedar\u00e1 como comedia con-vertida en tragedia el \u201crelato\u201d de Victor Hugo Morales del despegue del avi\u00f3n que viaj\u00f3 a buscar las primeras vacunas rusas. \u201cYa llega el momento. Acelere se\u00f1or comandante\u2026.\u201d repiti\u00f3 ante las c\u00e1maras como si reviviera el momento en que el Tata Brown se elevaba para clavar su frentazo ante los alemanes en M\u00e9jico \u00b486.<br \/>\nMeses despu\u00e9s de iniciada la cuarentena, la gente segu\u00eda discutiendo en todos lados y en las redes que cosa era fase 3 o 4; que era reuni\u00f3n familiar o fiesta; si el barbijo si o el barbijo no. Si se pod\u00eda transitar por las rutas hasta terminar en la anarqu\u00eda de un pa\u00eds donde cada provincia y hasta cada municipio decid\u00eda la vida misma de sus ciudadanos como se le ocurr\u00eda.<br \/>\nResulta evidente que el virus nos sigue ganando. No solo aqu\u00ed sino en muchos lugares. Pero de las locuras de Bolsonaro, si lo son, se encargan los brasileros; de las elecciones estadounidenses y Trump ya se encargaron los votantes del norte.<br \/>\nVayamos a lo nuestro: \u201cNo hay dudas que lo que est\u00e1 comenzando es peor que todo lo vivido\u201d lo aseguran casi sin excepci\u00f3n los que dicen saber. La preocupaci\u00f3n del gobierno nacional y de muchos gobernadores ya roza el p\u00e1nico. Toque de queda o mas lindo restricci\u00f3n nocturna. Responsabilidad social o bajar de fases o todo lo que imaginen solo tiene un fundamento que nos confi\u00f3 una alt\u00edsima fuente del gobierno: \u201cSolo tratamos de ganar tiempo y que una vacuna nos salve\u201d.<br \/>\nY como si nada se afirma que hay que volver a empezar. \u201cEstamos unas tres semanas retrasados en cargar datos en la provincia\u201d dice el propio ministro cuando ya estamos otra vez en los n\u00fameros de contagios del peor momento.<br \/>\n\u00bfVolver a empezar? \u00bfSin revisar nada de lo hecho? \u00bfSin corregir ning\u00fan error?. \u00bfAndar el mismo camino de la misma forma y solo mucho mas cansados tanto pacientes como personal m\u00e9dico?.<br \/>\nSi algo se quiere revertir es momento de volver a juntar a Alberto y Larreta \u201cmi amigo\u201d pero en serio. De declarar un impasse de cierto tiempo donde se coincida en una agenda parlamentaria para debatir temas imprescindibles y que no generen profundizaciones de grietas y movilizaciones multitudinarias solo al servicio de los contagios. Terminar con las marchas y banderazos de cr\u00edticas al gobierno y hasta de los llamados anticuarentena, pero tambi\u00e9n pedirle al gobierno que no impulse medidas que pueden esperar. En nombre de salvar vidas, \u00bfAlguien podr\u00e1 explicar cu\u00e1ntas terminar\u00e1n costando las concentraciones en la discusi\u00f3n de la ley del aborto? \u00bfEsas vidas -muchas- no les importan ni a los verdes ni a los celestes?. Una eternidad sin esa ley. Pero parece que no pod\u00eda esperar un a\u00f1o mas. Y eso tiene responsables con nombres y apellidos. Basta de hipocres\u00edas.<br \/>\nVolver a empezar sin que el presidente acepte que el primero que dijo \u201cla cuarentena ya se termin\u00f3 de hecho\u201d fue \u00e9l en cadena nacional y luego pidi\u00f3 que sigui\u00e9ramos cumpli\u00e9ndolas. \u00bfVolver a empezar sin afirmar que no habr\u00e1 mas velorios multitudinarios aunque vuelva a morir Gardel?.<br \/>\nEn fin. No estamos igual que al principio. ESTAMOS PEOR. Porque ninguna de estas cosas se har\u00e1n. Porque nadie reconoce un error y todo es culpa del otro. Porque es tan evidente que hay hijos y entenados que hasta en la primera distribuci\u00f3n de dosis de vacunas se le mandaron las mismas cantidades de dosis a Olavarr\u00eda, a Pila, a Lezama, Chascom\u00fas o Ranchos. Lo mismo cien mil habitantes, cuarenta y cinco mil, quince mil o cinco mil. \u00bfVolver a empezar haciendo guiones para relatar certezas y vac\u00edos de la vacuna rusa o las tinieblas de las negociaciones por las dem\u00e1s que nadie cree?<br \/>\nO diciendo en noviembre que tenemos 15 millones de vacunas ya compradas que llegaran en enero\/ febrero y en realidad ahora hay dudas sobre como y cuando llegaran las 300.000 dosis imprescindibles para terminar de vacunar a quienes se est\u00e1n aplicando la primera dosis de la Sputnik V?<br \/>\nTodos en la vida y en muchos \u00f3rdenes hemos debido volver a comenzar. Y en distintas etapas de la misma Pero solo los que supieron admitir errores, corregirlos, admitir otras opciones y \u201c volver mejores\u201d pero en serio, pudieron cambiar el destino final y torcer el resultado.<br \/>\nQue nadie dude, que la situaci\u00f3n epidemiol\u00f3gica en la Argentina ya es peor que en Mayo \/ julio, pero lo es no solo porque la contagiosidad ya es superior a entonces y se ha dispersado por todo el pa\u00eds, sino porque quienes deben guiarnos por el mejor sendero y cuidarnos, no solo siguen cometiendo los mismos y graves errores si-no que no dan una sola se\u00f1al de estar dispuestos a cambiar ni siquiera un \u00e1pice. Tal vez el virus, jamas pens\u00f3 en contar con tantos y tan eficaces socios como los que se le suman todos los d\u00edas, haciendo a veces est\u00e9ril el esfuerzo sin l\u00edmites de los esenciales que siguen peleando a brazo partido contra el mal.<\/p>\n<p>(Editorial publicada en la edici\u00f3n de TIEMPO de Ranchos del d\u00eda 08 de enero de 2021)<\/p>\n","protected":false},"excerpt":{"rendered":"<p>Parece una forma de empezar por el final. Como la realidad sanitaria que vive el pa\u00eds. Demasiados factores se fueron<\/p>\n","protected":false},"author":3,"featured_media":17784,"comment_status":"open","ping_status":"open","sticky":false,"template":"","format":"standard","meta":{"colormag_page_container_layout":"default_layout","colormag_page_sidebar_layout":"default_layout","footnotes":""},"categories":[1],"tags":[],"class_list":["post-28692","post","type-post","status-publish","format-standard","has-post-thumbnail","hentry","category-actualidad"],"_links":{"self":[{"href":"https:\/\/grupotiempodigital.com.ar\/index.php?rest_route=\/wp\/v2\/posts\/28692","targetHints":{"allow":["GET"]}}],"collection":[{"href":"https:\/\/grupotiempodigital.com.ar\/index.php?rest_route=\/wp\/v2\/posts"}],"about":[{"href":"https:\/\/grupotiempodigital.com.ar\/index.php?rest_route=\/wp\/v2\/types\/post"}],"author":[{"embeddable":true,"href":"https:\/\/grupotiempodigital.com.ar\/index.php?rest_route=\/wp\/v2\/users\/3"}],"replies":[{"embeddable":true,"href":"https:\/\/grupotiempodigital.com.ar\/index.php?rest_route=%2Fwp%2Fv2%2Fcomments&post=28692"}],"version-history":[{"count":2,"href":"https:\/\/grupotiempodigital.com.ar\/index.php?rest_route=\/wp\/v2\/posts\/28692\/revisions"}],"predecessor-version":[{"id":28694,"href":"https:\/\/grupotiempodigital.com.ar\/index.php?rest_route=\/wp\/v2\/posts\/28692\/revisions\/28694"}],"wp:featuredmedia":[{"embeddable":true,"href":"https:\/\/grupotiempodigital.com.ar\/index.php?rest_route=\/wp\/v2\/media\/17784"}],"wp:attachment":[{"href":"https:\/\/grupotiempodigital.com.ar\/index.php?rest_route=%2Fwp%2Fv2%2Fmedia&parent=28692"}],"wp:term":[{"taxonomy":"category","embeddable":true,"href":"https:\/\/grupotiempodigital.com.ar\/index.php?rest_route=%2Fwp%2Fv2%2Fcategories&post=28692"},{"taxonomy":"post_tag","embeddable":true,"href":"https:\/\/grupotiempodigital.com.ar\/index.php?rest_route=%2Fwp%2Fv2%2Ftags&post=28692"}],"curies":[{"name":"wp","href":"https:\/\/api.w.org\/{rel}","templated":true}]}}